{"id":1632,"date":"2015-11-14T15:34:02","date_gmt":"2015-11-14T14:34:02","guid":{"rendered":"http:\/\/aragvi.hu\/en\/?p=1632"},"modified":"2015-11-18T14:46:29","modified_gmt":"2015-11-18T13:46:29","slug":"szilveszteri-buli","status":"publish","type":"post","link":"https:\/\/aragvi.hu\/en\/egyeb\/szilveszteri-buli\/","title":{"rendered":"Szilveszteri buli az Aragvi Gr\u00faz \u00c9tteremben"},"content":{"rendered":"<p><\/a><strong>M\u00e1r k\u00e9sz\u00fcl\u00fcnk a szilveszteri bulira az Aragviban! \u00c9l\u0151zen\u00e9s esti mulats\u00e1ggal, valamint sz\u00f3rakoztat\u00f3 j\u00e1t\u00e9kokkal, vet\u00e9lked\u0151kkel v\u00e1runk Benneteket. Jegyek m\u00e1r el\u0151v\u00e9telben 5.000,- Ft-\u00e9rt, korl\u00e1tozott sz\u00e1mban kaphat\u00f3k. A bel\u00e9p\u0151 tartalmazza az \u00fcdv\u00f6zl\u0151italt \u00e9s \u00e9jf\u00e9lkor egy poh\u00e1r pezsg\u0151t, valamint egy p\u00e1r virslit! Az \u00e9l\u0151zen\u00e9t \u00e9s a j\u00f3 hangulatot a Hollander Du\u00f3 biztos\u00edtja. V\u00e1runk benneteket szeretettel!<\/strong><\/p>\n<p><a href=\"https:\/\/aragvi.hu\/en\/wp-content\/uploads\/2015\/11\/Szilveszter.jpg\"><img fetchpriority=\"high\" decoding=\"async\" src=\"https:\/\/aragvi.hu\/en\/wp-content\/uploads\/2015\/11\/Szilveszter.jpg\" alt=\"Szilveszter\" width=\"642\" height=\"900\" class=\"aligncenter size-full wp-image-1644\" srcset=\"https:\/\/aragvi.hu\/en\/wp-content\/uploads\/2015\/11\/Szilveszter.jpg 642w, https:\/\/aragvi.hu\/en\/wp-content\/uploads\/2015\/11\/Szilveszter-285x400.jpg 285w, https:\/\/aragvi.hu\/en\/wp-content\/uploads\/2015\/11\/Szilveszter-428x600.jpg 428w\" sizes=\"(max-width: 642px) 100vw, 642px\" \/><\/a><\/p>\n","protected":false},"excerpt":{"rendered":"<p>M\u00e1r k\u00e9sz\u00fcl\u00fcnk a szilveszteri bulira az Aragviban! \u00c9l\u0151zen\u00e9s esti mulats\u00e1ggal, valamint sz\u00f3rakoztat\u00f3 j\u00e1t\u00e9kokkal, vet\u00e9lked\u0151kkel v\u00e1runk Benneteket. Jegyek m\u00e1r el\u0151v\u00e9telben 5.000,- Ft-\u00e9rt, korl\u00e1tozott sz\u00e1mban kaphat\u00f3k. A &hellip; <a class=\"recipe-more-link\" href=\"https:\/\/aragvi.hu\/en\/egyeb\/szilveszteri-buli\/\">View Recipe<\/a><\/p>\n","protected":false},"author":3,"featured_media":1636,"comment_status":"open","ping_status":"open","sticky":false,"template":"","format":"standard","meta":{"footnotes":""},"categories":[93,1,2],"tags":[94],"class_list":["post-1632","post","type-post","status-publish","format-standard","has-post-thumbnail","hentry","category-buli","category-egyeb","category-minden-hir","tag-szilveszteri-buli"],"yoast_head":"<!-- This site is optimized with the Yoast SEO plugin v26.4 - https:\/\/yoast.com\/wordpress\/plugins\/seo\/ -->\n<title>Szilveszteri buli az Aragvi Gr\u00faz \u00c9tteremben - Aragvi Gr\u00faz \u00c9tterem<\/title>\n<meta name=\"description\" content=\"Szilveszteri buli az Aragvi Gr\u00faz \u00c9tteremben! \u00c9l\u0151zene, j\u00e1t\u00e9kok, vet\u00e9lked\u0151k v\u00e1rnak r\u00e1tok! Jegyek m\u00e1r el\u0151v\u00e9telben kaphat\u00f3k.\" \/>\n<meta name=\"robots\" content=\"index, follow, max-snippet:-1, max-image-preview:large, max-video-preview:-1\" \/>\n<link rel=\"canonical\" href=\"https:\/\/aragvi.hu\/en\/egyeb\/szilveszteri-buli\/\" \/>\n<meta property=\"og:locale\" content=\"en_US\" \/>\n<meta property=\"og:type\" content=\"article\" \/>\n<meta property=\"og:title\" content=\"Szilveszteri buli az Aragvi Gr\u00faz \u00c9tteremben - Aragvi Gr\u00faz \u00c9tterem\" \/>\n<meta property=\"og:description\" content=\"Szilveszteri buli az Aragvi Gr\u00faz \u00c9tteremben! \u00c9l\u0151zene, j\u00e1t\u00e9kok, vet\u00e9lked\u0151k v\u00e1rnak r\u00e1tok! Jegyek m\u00e1r el\u0151v\u00e9telben kaphat\u00f3k.\" \/>\n<meta property=\"og:url\" content=\"https:\/\/aragvi.hu\/en\/egyeb\/szilveszteri-buli\/\" \/>\n<meta property=\"og:site_name\" content=\"Aragvi Gr\u00faz \u00c9tterem\" \/>\n<meta property=\"article:published_time\" content=\"2015-11-14T14:34:02+00:00\" \/>\n<meta property=\"article:modified_time\" content=\"2015-11-18T13:46:29+00:00\" \/>\n<meta property=\"og:image\" content=\"https:\/\/aragvi.hu\/en\/wp-content\/uploads\/2015\/11\/Szilveszter-f.jpg\" \/>\n\t<meta property=\"og:image:width\" content=\"713\" \/>\n\t<meta property=\"og:image:height\" content=\"517\" \/>\n\t<meta property=\"og:image:type\" content=\"image\/jpeg\" \/>\n<meta name=\"author\" content=\"aragvietterem\" \/>\n<meta name=\"twitter:card\" content=\"summary_large_image\" \/>\n<meta name=\"twitter:label1\" content=\"Written by\" \/>\n\t<meta name=\"twitter:data1\" content=\"aragvietterem\" \/>\n<script type=\"application\/ld+json\" class=\"yoast-schema-graph\">{\"@context\":\"https:\/\/schema.org\",\"@graph\":[{\"@type\":\"WebPage\",\"@id\":\"https:\/\/aragvi.hu\/en\/egyeb\/szilveszteri-buli\/\",\"url\":\"https:\/\/aragvi.hu\/en\/egyeb\/szilveszteri-buli\/\",\"name\":\"Szilveszteri buli az Aragvi Gr\u00faz \u00c9tteremben - Aragvi Gr\u00faz \u00c9tterem\",\"isPartOf\":{\"@id\":\"https:\/\/aragvi.hu\/en\/#website\"},\"primaryImageOfPage\":{\"@id\":\"https:\/\/aragvi.hu\/en\/egyeb\/szilveszteri-buli\/#primaryimage\"},\"image\":{\"@id\":\"https:\/\/aragvi.hu\/en\/egyeb\/szilveszteri-buli\/#primaryimage\"},\"thumbnailUrl\":\"https:\/\/aragvi.hu\/en\/wp-content\/uploads\/2015\/11\/Szilveszter-f.jpg\",\"datePublished\":\"2015-11-14T14:34:02+00:00\",\"dateModified\":\"2015-11-18T13:46:29+00:00\",\"author\":{\"@id\":\"https:\/\/aragvi.hu\/en\/#\/schema\/person\/b8d0e6c37aa4c74a2b83af6fe46c424f\"},\"description\":\"Szilveszteri buli az Aragvi Gr\u00faz \u00c9tteremben! \u00c9l\u0151zene, j\u00e1t\u00e9kok, vet\u00e9lked\u0151k v\u00e1rnak r\u00e1tok! Jegyek m\u00e1r el\u0151v\u00e9telben kaphat\u00f3k.\",\"breadcrumb\":{\"@id\":\"https:\/\/aragvi.hu\/en\/egyeb\/szilveszteri-buli\/#breadcrumb\"},\"inLanguage\":\"en-US\",\"potentialAction\":[{\"@type\":\"ReadAction\",\"target\":[\"https:\/\/aragvi.hu\/en\/egyeb\/szilveszteri-buli\/\"]}]},{\"@type\":\"ImageObject\",\"inLanguage\":\"en-US\",\"@id\":\"https:\/\/aragvi.hu\/en\/egyeb\/szilveszteri-buli\/#primaryimage\",\"url\":\"https:\/\/aragvi.hu\/en\/wp-content\/uploads\/2015\/11\/Szilveszter-f.jpg\",\"contentUrl\":\"https:\/\/aragvi.hu\/en\/wp-content\/uploads\/2015\/11\/Szilveszter-f.jpg\",\"width\":713,\"height\":517},{\"@type\":\"BreadcrumbList\",\"@id\":\"https:\/\/aragvi.hu\/en\/egyeb\/szilveszteri-buli\/#breadcrumb\",\"itemListElement\":[{\"@type\":\"ListItem\",\"position\":1,\"name\":\"Kezd\u0151lap\",\"item\":\"https:\/\/aragvi.hu\/en\/\"},{\"@type\":\"ListItem\",\"position\":2,\"name\":\"Szilveszteri buli az Aragvi Gr\u00faz \u00c9tteremben\"}]},{\"@type\":\"WebSite\",\"@id\":\"https:\/\/aragvi.hu\/en\/#website\",\"url\":\"https:\/\/aragvi.hu\/en\/\",\"name\":\"Aragvi Gr\u00faz \u00c9tterem\",\"description\":\"Georgian restaurant in Budapest, Hungary.\",\"potentialAction\":[{\"@type\":\"SearchAction\",\"target\":{\"@type\":\"EntryPoint\",\"urlTemplate\":\"https:\/\/aragvi.hu\/en\/?s={search_term_string}\"},\"query-input\":{\"@type\":\"PropertyValueSpecification\",\"valueRequired\":true,\"valueName\":\"search_term_string\"}}],\"inLanguage\":\"en-US\"},{\"@type\":\"Person\",\"@id\":\"https:\/\/aragvi.hu\/en\/#\/schema\/person\/b8d0e6c37aa4c74a2b83af6fe46c424f\",\"name\":\"aragvietterem\",\"image\":{\"@type\":\"ImageObject\",\"inLanguage\":\"en-US\",\"@id\":\"https:\/\/aragvi.hu\/en\/#\/schema\/person\/image\/\",\"url\":\"https:\/\/secure.gravatar.com\/avatar\/dba8404aafdde6b886fe65f2184bde8f89af89a51515b4b5baf134abb890df0a?s=96&d=mm&r=g\",\"contentUrl\":\"https:\/\/secure.gravatar.com\/avatar\/dba8404aafdde6b886fe65f2184bde8f89af89a51515b4b5baf134abb890df0a?s=96&d=mm&r=g\",\"caption\":\"aragvietterem\"},\"url\":\"https:\/\/aragvi.hu\/en\/author\/aragvietterem\/\"}]}<\/script>\n<!-- \/ Yoast SEO plugin. -->","yoast_head_json":{"title":"Szilveszteri buli az Aragvi Gr\u00faz \u00c9tteremben - Aragvi Gr\u00faz \u00c9tterem","description":"Szilveszteri buli az Aragvi Gr\u00faz \u00c9tteremben! \u00c9l\u0151zene, j\u00e1t\u00e9kok, vet\u00e9lked\u0151k v\u00e1rnak r\u00e1tok! Jegyek m\u00e1r el\u0151v\u00e9telben kaphat\u00f3k.","robots":{"index":"index","follow":"follow","max-snippet":"max-snippet:-1","max-image-preview":"max-image-preview:large","max-video-preview":"max-video-preview:-1"},"canonical":"https:\/\/aragvi.hu\/en\/egyeb\/szilveszteri-buli\/","og_locale":"en_US","og_type":"article","og_title":"Szilveszteri buli az Aragvi Gr\u00faz \u00c9tteremben - Aragvi Gr\u00faz \u00c9tterem","og_description":"Szilveszteri buli az Aragvi Gr\u00faz \u00c9tteremben! \u00c9l\u0151zene, j\u00e1t\u00e9kok, vet\u00e9lked\u0151k v\u00e1rnak r\u00e1tok! Jegyek m\u00e1r el\u0151v\u00e9telben kaphat\u00f3k.","og_url":"https:\/\/aragvi.hu\/en\/egyeb\/szilveszteri-buli\/","og_site_name":"Aragvi Gr\u00faz \u00c9tterem","article_published_time":"2015-11-14T14:34:02+00:00","article_modified_time":"2015-11-18T13:46:29+00:00","og_image":[{"width":713,"height":517,"url":"https:\/\/aragvi.hu\/en\/wp-content\/uploads\/2015\/11\/Szilveszter-f.jpg","type":"image\/jpeg"}],"author":"aragvietterem","twitter_card":"summary_large_image","twitter_misc":{"Written by":"aragvietterem"},"schema":{"@context":"https:\/\/schema.org","@graph":[{"@type":"WebPage","@id":"https:\/\/aragvi.hu\/en\/egyeb\/szilveszteri-buli\/","url":"https:\/\/aragvi.hu\/en\/egyeb\/szilveszteri-buli\/","name":"Szilveszteri buli az Aragvi Gr\u00faz \u00c9tteremben - Aragvi Gr\u00faz \u00c9tterem","isPartOf":{"@id":"https:\/\/aragvi.hu\/en\/#website"},"primaryImageOfPage":{"@id":"https:\/\/aragvi.hu\/en\/egyeb\/szilveszteri-buli\/#primaryimage"},"image":{"@id":"https:\/\/aragvi.hu\/en\/egyeb\/szilveszteri-buli\/#primaryimage"},"thumbnailUrl":"https:\/\/aragvi.hu\/en\/wp-content\/uploads\/2015\/11\/Szilveszter-f.jpg","datePublished":"2015-11-14T14:34:02+00:00","dateModified":"2015-11-18T13:46:29+00:00","author":{"@id":"https:\/\/aragvi.hu\/en\/#\/schema\/person\/b8d0e6c37aa4c74a2b83af6fe46c424f"},"description":"Szilveszteri buli az Aragvi Gr\u00faz \u00c9tteremben! \u00c9l\u0151zene, j\u00e1t\u00e9kok, vet\u00e9lked\u0151k v\u00e1rnak r\u00e1tok! Jegyek m\u00e1r el\u0151v\u00e9telben kaphat\u00f3k.","breadcrumb":{"@id":"https:\/\/aragvi.hu\/en\/egyeb\/szilveszteri-buli\/#breadcrumb"},"inLanguage":"en-US","potentialAction":[{"@type":"ReadAction","target":["https:\/\/aragvi.hu\/en\/egyeb\/szilveszteri-buli\/"]}]},{"@type":"ImageObject","inLanguage":"en-US","@id":"https:\/\/aragvi.hu\/en\/egyeb\/szilveszteri-buli\/#primaryimage","url":"https:\/\/aragvi.hu\/en\/wp-content\/uploads\/2015\/11\/Szilveszter-f.jpg","contentUrl":"https:\/\/aragvi.hu\/en\/wp-content\/uploads\/2015\/11\/Szilveszter-f.jpg","width":713,"height":517},{"@type":"BreadcrumbList","@id":"https:\/\/aragvi.hu\/en\/egyeb\/szilveszteri-buli\/#breadcrumb","itemListElement":[{"@type":"ListItem","position":1,"name":"Kezd\u0151lap","item":"https:\/\/aragvi.hu\/en\/"},{"@type":"ListItem","position":2,"name":"Szilveszteri buli az Aragvi Gr\u00faz \u00c9tteremben"}]},{"@type":"WebSite","@id":"https:\/\/aragvi.hu\/en\/#website","url":"https:\/\/aragvi.hu\/en\/","name":"Aragvi Gr\u00faz \u00c9tterem","description":"Georgian restaurant in Budapest, Hungary.","potentialAction":[{"@type":"SearchAction","target":{"@type":"EntryPoint","urlTemplate":"https:\/\/aragvi.hu\/en\/?s={search_term_string}"},"query-input":{"@type":"PropertyValueSpecification","valueRequired":true,"valueName":"search_term_string"}}],"inLanguage":"en-US"},{"@type":"Person","@id":"https:\/\/aragvi.hu\/en\/#\/schema\/person\/b8d0e6c37aa4c74a2b83af6fe46c424f","name":"aragvietterem","image":{"@type":"ImageObject","inLanguage":"en-US","@id":"https:\/\/aragvi.hu\/en\/#\/schema\/person\/image\/","url":"https:\/\/secure.gravatar.com\/avatar\/dba8404aafdde6b886fe65f2184bde8f89af89a51515b4b5baf134abb890df0a?s=96&d=mm&r=g","contentUrl":"https:\/\/secure.gravatar.com\/avatar\/dba8404aafdde6b886fe65f2184bde8f89af89a51515b4b5baf134abb890df0a?s=96&d=mm&r=g","caption":"aragvietterem"},"url":"https:\/\/aragvi.hu\/en\/author\/aragvietterem\/"}]}},"_links":{"self":[{"href":"https:\/\/aragvi.hu\/en\/wp-json\/wp\/v2\/posts\/1632","targetHints":{"allow":["GET"]}}],"collection":[{"href":"https:\/\/aragvi.hu\/en\/wp-json\/wp\/v2\/posts"}],"about":[{"href":"https:\/\/aragvi.hu\/en\/wp-json\/wp\/v2\/types\/post"}],"author":[{"embeddable":true,"href":"https:\/\/aragvi.hu\/en\/wp-json\/wp\/v2\/users\/3"}],"replies":[{"embeddable":true,"href":"https:\/\/aragvi.hu\/en\/wp-json\/wp\/v2\/comments?post=1632"}],"version-history":[{"count":5,"href":"https:\/\/aragvi.hu\/en\/wp-json\/wp\/v2\/posts\/1632\/revisions"}],"predecessor-version":[{"id":1642,"href":"https:\/\/aragvi.hu\/en\/wp-json\/wp\/v2\/posts\/1632\/revisions\/1642"}],"wp:featuredmedia":[{"embeddable":true,"href":"https:\/\/aragvi.hu\/en\/wp-json\/wp\/v2\/media\/1636"}],"wp:attachment":[{"href":"https:\/\/aragvi.hu\/en\/wp-json\/wp\/v2\/media?parent=1632"}],"wp:term":[{"taxonomy":"category","embeddable":true,"href":"https:\/\/aragvi.hu\/en\/wp-json\/wp\/v2\/categories?post=1632"},{"taxonomy":"post_tag","embeddable":true,"href":"https:\/\/aragvi.hu\/en\/wp-json\/wp\/v2\/tags?post=1632"}],"curies":[{"name":"wp","href":"https:\/\/api.w.org\/{rel}","templated":true}]}}