{"id":132,"date":"2015-10-03T20:30:51","date_gmt":"2015-10-03T18:30:51","guid":{"rendered":"http:\/\/www.cssvillain.com\/hungry-wp\/?p=132"},"modified":"2015-11-07T00:04:05","modified_gmt":"2015-11-06T23:04:05","slug":"zsulien-mennyei-sajtos-tejfolos-gomba","status":"publish","type":"post","link":"https:\/\/aragvi.hu\/en\/etel-ital\/legujabb-etelek\/zsulien-mennyei-sajtos-tejfolos-gomba\/","title":{"rendered":"Zs\u00fclien a mennyei sajtos-tejf\u00f6l\u00f6s gomba"},"content":{"rendered":"<p><strong>Im\u00e1djuk az \u00faj \u00edzeket! Ak\u00e1r csak ti is. Mi viszont elk\u00e9sz\u00edteni \u00e9s t\u00e1lalni nektek.<\/strong><\/p>\n<p>Arra gondoltunk, hogy a DiningCity \u00c9tterem H\u00e9t alkalm\u00e1b\u00f3l meglep\u00fcnk benneteket egy \u00faj finoms\u00e1ggal,<br \/>\nami csak ebb\u0151l az alkalomb\u00f3l \u00e9s korl\u00e1tozott ideig lesz kaphat\u00f3! Ha szereted a gomb\u00e1t,<br \/>\na kiv\u00e1l\u00f3 gr\u00faz h\u00e1zi sajtokat \u00e9s a tejf\u00f6lt, akkor garant\u00e1lt, hogy nem fogsz csal\u00f3dni!<br \/>\nK\u00e9szen \u00e1lltok valami eg\u00e9szen k\u00fcl\u00f6nlegesre? Teavajban, z\u00f6ld f\u0171szereken p\u00e1rolt gomb\u00e1t<br \/>\ngr\u00faz h\u00e1zi sajttal \u00e9s tejf\u00f6llel k\u00edn\u00e1lunk nektek.<br \/>\nEz biztosan izleni fog&#8230;! Pr\u00f3b\u00e1ld ki! Ne maradj le r\u00f3la!<\/p>\n","protected":false},"excerpt":{"rendered":"<p>Im\u00e1djuk az \u00faj \u00edzeket! Ak\u00e1r csak ti is. Mi viszont elk\u00e9sz\u00edteni \u00e9s t\u00e1lalni nektek. Arra gondoltunk, hogy a DiningCity \u00c9tterem H\u00e9t alkalm\u00e1b\u00f3l meglep\u00fcnk benneteket egy &hellip; <a class=\"recipe-more-link\" href=\"https:\/\/aragvi.hu\/en\/etel-ital\/legujabb-etelek\/zsulien-mennyei-sajtos-tejfolos-gomba\/\">View Recipe<\/a><\/p>\n","protected":false},"author":3,"featured_media":1144,"comment_status":"open","ping_status":"closed","sticky":false,"template":"","format":"image","meta":{"footnotes":""},"categories":[66,7],"tags":[67,73,70,71,72,69],"class_list":["post-132","post","type-post","status-publish","format-image","has-post-thumbnail","hentry","category-diningcity-etterem-het","category-legujabb-etelek","tag-diningcity","tag-etterem-het","tag-gomba","tag-sajt","tag-tejfol","tag-zsulien","post_format-post-format-image"],"yoast_head":"<!-- This site is optimized with the Yoast SEO plugin v26.4 - https:\/\/yoast.com\/wordpress\/plugins\/seo\/ -->\n<title>Zs\u00fclien a mennyei sajtos-tejf\u00f6l\u00f6s gomba - Aragvi gr\u00faz \u00e9tterem<\/title>\n<meta name=\"description\" content=\"Ha szereted a gomb\u00e1t, a kiv\u00e1l\u00f3 h\u00e1zi sajtokat \u00e9s a tejf\u00f6lt, akkor garant\u00e1lt, hogy nem fogsz csal\u00f3dni! Aragvi gr\u00faz \u00e9tterem\" \/>\n<meta name=\"robots\" content=\"index, follow, max-snippet:-1, max-image-preview:large, max-video-preview:-1\" \/>\n<link rel=\"canonical\" href=\"https:\/\/aragvi.hu\/en\/etel-ital\/legujabb-etelek\/zsulien-mennyei-sajtos-tejfolos-gomba\/\" \/>\n<meta property=\"og:locale\" content=\"en_US\" \/>\n<meta property=\"og:type\" content=\"article\" \/>\n<meta property=\"og:title\" content=\"Zs\u00fclien a mennyei sajtos-tejf\u00f6l\u00f6s gomba - Aragvi gr\u00faz \u00e9tterem\" \/>\n<meta property=\"og:description\" content=\"Ha szereted a gomb\u00e1t, a kiv\u00e1l\u00f3 h\u00e1zi sajtokat \u00e9s a tejf\u00f6lt, akkor garant\u00e1lt, hogy nem fogsz csal\u00f3dni! Aragvi gr\u00faz \u00e9tterem\" \/>\n<meta property=\"og:url\" content=\"https:\/\/aragvi.hu\/en\/etel-ital\/legujabb-etelek\/zsulien-mennyei-sajtos-tejfolos-gomba\/\" \/>\n<meta property=\"og:site_name\" content=\"Aragvi Gr\u00faz \u00c9tterem\" \/>\n<meta property=\"article:published_time\" content=\"2015-10-03T18:30:51+00:00\" \/>\n<meta property=\"article:modified_time\" content=\"2015-11-06T23:04:05+00:00\" \/>\n<meta property=\"og:image\" content=\"https:\/\/aragvi.hu\/en\/wp-content\/uploads\/2015\/02\/Julien.jpg\" \/>\n\t<meta property=\"og:image:width\" content=\"800\" \/>\n\t<meta property=\"og:image:height\" content=\"564\" \/>\n\t<meta property=\"og:image:type\" content=\"image\/jpeg\" \/>\n<meta name=\"author\" content=\"aragvietterem\" \/>\n<meta name=\"twitter:card\" content=\"summary_large_image\" \/>\n<meta name=\"twitter:label1\" content=\"Written by\" \/>\n\t<meta name=\"twitter:data1\" content=\"aragvietterem\" \/>\n\t<meta name=\"twitter:label2\" content=\"Est. reading time\" \/>\n\t<meta name=\"twitter:data2\" content=\"1 minute\" \/>\n<script type=\"application\/ld+json\" class=\"yoast-schema-graph\">{\"@context\":\"https:\/\/schema.org\",\"@graph\":[{\"@type\":\"WebPage\",\"@id\":\"https:\/\/aragvi.hu\/en\/etel-ital\/legujabb-etelek\/zsulien-mennyei-sajtos-tejfolos-gomba\/\",\"url\":\"https:\/\/aragvi.hu\/en\/etel-ital\/legujabb-etelek\/zsulien-mennyei-sajtos-tejfolos-gomba\/\",\"name\":\"Zs\u00fclien a mennyei sajtos-tejf\u00f6l\u00f6s gomba - Aragvi gr\u00faz \u00e9tterem\",\"isPartOf\":{\"@id\":\"https:\/\/aragvi.hu\/en\/#website\"},\"primaryImageOfPage\":{\"@id\":\"https:\/\/aragvi.hu\/en\/etel-ital\/legujabb-etelek\/zsulien-mennyei-sajtos-tejfolos-gomba\/#primaryimage\"},\"image\":{\"@id\":\"https:\/\/aragvi.hu\/en\/etel-ital\/legujabb-etelek\/zsulien-mennyei-sajtos-tejfolos-gomba\/#primaryimage\"},\"thumbnailUrl\":\"https:\/\/aragvi.hu\/en\/wp-content\/uploads\/2015\/02\/Julien.jpg\",\"datePublished\":\"2015-10-03T18:30:51+00:00\",\"dateModified\":\"2015-11-06T23:04:05+00:00\",\"author\":{\"@id\":\"https:\/\/aragvi.hu\/en\/#\/schema\/person\/b8d0e6c37aa4c74a2b83af6fe46c424f\"},\"description\":\"Ha szereted a gomb\u00e1t, a kiv\u00e1l\u00f3 h\u00e1zi sajtokat \u00e9s a tejf\u00f6lt, akkor garant\u00e1lt, hogy nem fogsz csal\u00f3dni! Aragvi gr\u00faz \u00e9tterem\",\"breadcrumb\":{\"@id\":\"https:\/\/aragvi.hu\/en\/etel-ital\/legujabb-etelek\/zsulien-mennyei-sajtos-tejfolos-gomba\/#breadcrumb\"},\"inLanguage\":\"en-US\",\"potentialAction\":[{\"@type\":\"ReadAction\",\"target\":[\"https:\/\/aragvi.hu\/en\/etel-ital\/legujabb-etelek\/zsulien-mennyei-sajtos-tejfolos-gomba\/\"]}]},{\"@type\":\"ImageObject\",\"inLanguage\":\"en-US\",\"@id\":\"https:\/\/aragvi.hu\/en\/etel-ital\/legujabb-etelek\/zsulien-mennyei-sajtos-tejfolos-gomba\/#primaryimage\",\"url\":\"https:\/\/aragvi.hu\/en\/wp-content\/uploads\/2015\/02\/Julien.jpg\",\"contentUrl\":\"https:\/\/aragvi.hu\/en\/wp-content\/uploads\/2015\/02\/Julien.jpg\",\"width\":800,\"height\":564},{\"@type\":\"BreadcrumbList\",\"@id\":\"https:\/\/aragvi.hu\/en\/etel-ital\/legujabb-etelek\/zsulien-mennyei-sajtos-tejfolos-gomba\/#breadcrumb\",\"itemListElement\":[{\"@type\":\"ListItem\",\"position\":1,\"name\":\"Kezd\u0151lap\",\"item\":\"https:\/\/aragvi.hu\/en\/\"},{\"@type\":\"ListItem\",\"position\":2,\"name\":\"Zs\u00fclien a mennyei sajtos-tejf\u00f6l\u00f6s gomba\"}]},{\"@type\":\"WebSite\",\"@id\":\"https:\/\/aragvi.hu\/en\/#website\",\"url\":\"https:\/\/aragvi.hu\/en\/\",\"name\":\"Aragvi Gr\u00faz \u00c9tterem\",\"description\":\"Georgian restaurant in Budapest, Hungary.\",\"potentialAction\":[{\"@type\":\"SearchAction\",\"target\":{\"@type\":\"EntryPoint\",\"urlTemplate\":\"https:\/\/aragvi.hu\/en\/?s={search_term_string}\"},\"query-input\":{\"@type\":\"PropertyValueSpecification\",\"valueRequired\":true,\"valueName\":\"search_term_string\"}}],\"inLanguage\":\"en-US\"},{\"@type\":\"Person\",\"@id\":\"https:\/\/aragvi.hu\/en\/#\/schema\/person\/b8d0e6c37aa4c74a2b83af6fe46c424f\",\"name\":\"aragvietterem\",\"image\":{\"@type\":\"ImageObject\",\"inLanguage\":\"en-US\",\"@id\":\"https:\/\/aragvi.hu\/en\/#\/schema\/person\/image\/\",\"url\":\"https:\/\/secure.gravatar.com\/avatar\/dba8404aafdde6b886fe65f2184bde8f89af89a51515b4b5baf134abb890df0a?s=96&d=mm&r=g\",\"contentUrl\":\"https:\/\/secure.gravatar.com\/avatar\/dba8404aafdde6b886fe65f2184bde8f89af89a51515b4b5baf134abb890df0a?s=96&d=mm&r=g\",\"caption\":\"aragvietterem\"},\"url\":\"https:\/\/aragvi.hu\/en\/author\/aragvietterem\/\"}]}<\/script>\n<!-- \/ Yoast SEO plugin. -->","yoast_head_json":{"title":"Zs\u00fclien a mennyei sajtos-tejf\u00f6l\u00f6s gomba - Aragvi gr\u00faz \u00e9tterem","description":"Ha szereted a gomb\u00e1t, a kiv\u00e1l\u00f3 h\u00e1zi sajtokat \u00e9s a tejf\u00f6lt, akkor garant\u00e1lt, hogy nem fogsz csal\u00f3dni! Aragvi gr\u00faz \u00e9tterem","robots":{"index":"index","follow":"follow","max-snippet":"max-snippet:-1","max-image-preview":"max-image-preview:large","max-video-preview":"max-video-preview:-1"},"canonical":"https:\/\/aragvi.hu\/en\/etel-ital\/legujabb-etelek\/zsulien-mennyei-sajtos-tejfolos-gomba\/","og_locale":"en_US","og_type":"article","og_title":"Zs\u00fclien a mennyei sajtos-tejf\u00f6l\u00f6s gomba - Aragvi gr\u00faz \u00e9tterem","og_description":"Ha szereted a gomb\u00e1t, a kiv\u00e1l\u00f3 h\u00e1zi sajtokat \u00e9s a tejf\u00f6lt, akkor garant\u00e1lt, hogy nem fogsz csal\u00f3dni! Aragvi gr\u00faz \u00e9tterem","og_url":"https:\/\/aragvi.hu\/en\/etel-ital\/legujabb-etelek\/zsulien-mennyei-sajtos-tejfolos-gomba\/","og_site_name":"Aragvi Gr\u00faz \u00c9tterem","article_published_time":"2015-10-03T18:30:51+00:00","article_modified_time":"2015-11-06T23:04:05+00:00","og_image":[{"width":800,"height":564,"url":"https:\/\/aragvi.hu\/en\/wp-content\/uploads\/2015\/02\/Julien.jpg","type":"image\/jpeg"}],"author":"aragvietterem","twitter_card":"summary_large_image","twitter_misc":{"Written by":"aragvietterem","Est. reading time":"1 minute"},"schema":{"@context":"https:\/\/schema.org","@graph":[{"@type":"WebPage","@id":"https:\/\/aragvi.hu\/en\/etel-ital\/legujabb-etelek\/zsulien-mennyei-sajtos-tejfolos-gomba\/","url":"https:\/\/aragvi.hu\/en\/etel-ital\/legujabb-etelek\/zsulien-mennyei-sajtos-tejfolos-gomba\/","name":"Zs\u00fclien a mennyei sajtos-tejf\u00f6l\u00f6s gomba - Aragvi gr\u00faz \u00e9tterem","isPartOf":{"@id":"https:\/\/aragvi.hu\/en\/#website"},"primaryImageOfPage":{"@id":"https:\/\/aragvi.hu\/en\/etel-ital\/legujabb-etelek\/zsulien-mennyei-sajtos-tejfolos-gomba\/#primaryimage"},"image":{"@id":"https:\/\/aragvi.hu\/en\/etel-ital\/legujabb-etelek\/zsulien-mennyei-sajtos-tejfolos-gomba\/#primaryimage"},"thumbnailUrl":"https:\/\/aragvi.hu\/en\/wp-content\/uploads\/2015\/02\/Julien.jpg","datePublished":"2015-10-03T18:30:51+00:00","dateModified":"2015-11-06T23:04:05+00:00","author":{"@id":"https:\/\/aragvi.hu\/en\/#\/schema\/person\/b8d0e6c37aa4c74a2b83af6fe46c424f"},"description":"Ha szereted a gomb\u00e1t, a kiv\u00e1l\u00f3 h\u00e1zi sajtokat \u00e9s a tejf\u00f6lt, akkor garant\u00e1lt, hogy nem fogsz csal\u00f3dni! Aragvi gr\u00faz \u00e9tterem","breadcrumb":{"@id":"https:\/\/aragvi.hu\/en\/etel-ital\/legujabb-etelek\/zsulien-mennyei-sajtos-tejfolos-gomba\/#breadcrumb"},"inLanguage":"en-US","potentialAction":[{"@type":"ReadAction","target":["https:\/\/aragvi.hu\/en\/etel-ital\/legujabb-etelek\/zsulien-mennyei-sajtos-tejfolos-gomba\/"]}]},{"@type":"ImageObject","inLanguage":"en-US","@id":"https:\/\/aragvi.hu\/en\/etel-ital\/legujabb-etelek\/zsulien-mennyei-sajtos-tejfolos-gomba\/#primaryimage","url":"https:\/\/aragvi.hu\/en\/wp-content\/uploads\/2015\/02\/Julien.jpg","contentUrl":"https:\/\/aragvi.hu\/en\/wp-content\/uploads\/2015\/02\/Julien.jpg","width":800,"height":564},{"@type":"BreadcrumbList","@id":"https:\/\/aragvi.hu\/en\/etel-ital\/legujabb-etelek\/zsulien-mennyei-sajtos-tejfolos-gomba\/#breadcrumb","itemListElement":[{"@type":"ListItem","position":1,"name":"Kezd\u0151lap","item":"https:\/\/aragvi.hu\/en\/"},{"@type":"ListItem","position":2,"name":"Zs\u00fclien a mennyei sajtos-tejf\u00f6l\u00f6s gomba"}]},{"@type":"WebSite","@id":"https:\/\/aragvi.hu\/en\/#website","url":"https:\/\/aragvi.hu\/en\/","name":"Aragvi Gr\u00faz \u00c9tterem","description":"Georgian restaurant in Budapest, Hungary.","potentialAction":[{"@type":"SearchAction","target":{"@type":"EntryPoint","urlTemplate":"https:\/\/aragvi.hu\/en\/?s={search_term_string}"},"query-input":{"@type":"PropertyValueSpecification","valueRequired":true,"valueName":"search_term_string"}}],"inLanguage":"en-US"},{"@type":"Person","@id":"https:\/\/aragvi.hu\/en\/#\/schema\/person\/b8d0e6c37aa4c74a2b83af6fe46c424f","name":"aragvietterem","image":{"@type":"ImageObject","inLanguage":"en-US","@id":"https:\/\/aragvi.hu\/en\/#\/schema\/person\/image\/","url":"https:\/\/secure.gravatar.com\/avatar\/dba8404aafdde6b886fe65f2184bde8f89af89a51515b4b5baf134abb890df0a?s=96&d=mm&r=g","contentUrl":"https:\/\/secure.gravatar.com\/avatar\/dba8404aafdde6b886fe65f2184bde8f89af89a51515b4b5baf134abb890df0a?s=96&d=mm&r=g","caption":"aragvietterem"},"url":"https:\/\/aragvi.hu\/en\/author\/aragvietterem\/"}]}},"_links":{"self":[{"href":"https:\/\/aragvi.hu\/en\/wp-json\/wp\/v2\/posts\/132","targetHints":{"allow":["GET"]}}],"collection":[{"href":"https:\/\/aragvi.hu\/en\/wp-json\/wp\/v2\/posts"}],"about":[{"href":"https:\/\/aragvi.hu\/en\/wp-json\/wp\/v2\/types\/post"}],"author":[{"embeddable":true,"href":"https:\/\/aragvi.hu\/en\/wp-json\/wp\/v2\/users\/3"}],"replies":[{"embeddable":true,"href":"https:\/\/aragvi.hu\/en\/wp-json\/wp\/v2\/comments?post=132"}],"version-history":[{"count":10,"href":"https:\/\/aragvi.hu\/en\/wp-json\/wp\/v2\/posts\/132\/revisions"}],"predecessor-version":[{"id":1362,"href":"https:\/\/aragvi.hu\/en\/wp-json\/wp\/v2\/posts\/132\/revisions\/1362"}],"wp:featuredmedia":[{"embeddable":true,"href":"https:\/\/aragvi.hu\/en\/wp-json\/wp\/v2\/media\/1144"}],"wp:attachment":[{"href":"https:\/\/aragvi.hu\/en\/wp-json\/wp\/v2\/media?parent=132"}],"wp:term":[{"taxonomy":"category","embeddable":true,"href":"https:\/\/aragvi.hu\/en\/wp-json\/wp\/v2\/categories?post=132"},{"taxonomy":"post_tag","embeddable":true,"href":"https:\/\/aragvi.hu\/en\/wp-json\/wp\/v2\/tags?post=132"}],"curies":[{"name":"wp","href":"https:\/\/api.w.org\/{rel}","templated":true}]}}